{"id":12307,"date":"2026-09-04T10:22:30","date_gmt":"2026-09-04T10:22:30","guid":{"rendered":"https:\/\/www.artep.ro\/?p=12307"},"modified":"2026-09-04T10:28:13","modified_gmt":"2026-09-04T10:28:13","slug":"program-de-mentorat-si-dialog-critic-la-asociatia-galeria-artep-iasi","status":"publish","type":"post","link":"https:\/\/www.artep.ro\/en\/program-de-mentorat-si-dialog-critic-la-asociatia-galeria-artep-iasi\/","title":{"rendered":"PROGRAM DE MENTORAT \u0218I DIALOG CRITIC la Asocia\u021bia Galeria Artep, Ia\u0219i"},"content":{"rendered":"<div data-elementor-type=\"wp-post\" data-elementor-id=\"12307\" class=\"elementor elementor-12307\" data-elementor-post-type=\"post\">\n\t\t\t\t<div class=\"elementor-element elementor-element-012142c e-flex e-con-boxed e-con e-parent\" data-id=\"012142c\" data-element_type=\"container\" data-e-type=\"container\">\n\t\t\t\t\t<div class=\"e-con-inner\">\n\t\t<div class=\"elementor-element elementor-element-ebb1633 e-con-full e-flex e-con e-child\" data-id=\"ebb1633\" data-element_type=\"container\" data-e-type=\"container\">\n\t\t\t\t<div class=\"elementor-element elementor-element-71801da elementor-widget elementor-widget-text-editor\" data-id=\"71801da\" data-element_type=\"widget\" data-e-type=\"widget\" data-widget_type=\"text-editor.default\">\n\t\t\t\t<div class=\"elementor-widget-container\">\n\t\t\t\t\t\t\t\t\tPROGRAM DE MENTORAT \u0218I DIALOG CRITIC la Asocia\u021bia Galeria Artep, Ia\u0219i \n\t\t\t\t\t\t\t\t<\/div>\n\t\t\t\t<\/div>\n\t\t\t\t<\/div>\n\t\t\t\t\t<\/div>\n\t\t\t\t<\/div>\n\t\t<div class=\"elementor-element elementor-element-284d71c e-flex e-con-boxed e-con e-parent\" data-id=\"284d71c\" data-element_type=\"container\" data-e-type=\"container\">\n\t\t\t\t\t<div class=\"e-con-inner\">\n\t\t<div class=\"elementor-element elementor-element-c404bf1 e-con-full e-flex e-con e-child\" data-id=\"c404bf1\" data-element_type=\"container\" data-e-type=\"container\">\n\t\t\t\t<div class=\"elementor-element elementor-element-f8df243 elementor-widget elementor-widget-text-editor\" data-id=\"f8df243\" data-element_type=\"widget\" data-e-type=\"widget\" data-widget_type=\"text-editor.default\">\n\t\t\t\t<div class=\"elementor-widget-container\">\n\t\t\t\t\t\t\t\t\t\u00cen vara anului 2026, Reziden\u021ba Artistic\u0103 110 se concentreaz\u0103 pe explorarea storytellingului vizual, a tehnicilor de lucru, a cercet\u0103rii vizuale \u0219i a managementului artistic. Programul reune\u0219te 18 participan\u021bi selecta\u021bi \u0219i \u0219ase curatori invita\u021bi: Ruxandra Demetrescu, Mirjami Schuppert, Mick Wilson, Mara Ra\u021biu, Ingunn Fj\u00f3la Ing\u00fe\u00f3rsd\u00f3ttir \u0219i C\u0103t\u0103lin Gheorghe.\t\t\t\t\t\t\t\t<\/div>\n\t\t\t\t<\/div>\n\t\t\t\t<div class=\"elementor-element elementor-element-11eeab1 elementor-widget elementor-widget-text-editor\" data-id=\"11eeab1\" data-element_type=\"widget\" data-e-type=\"widget\" data-widget_type=\"text-editor.default\">\n\t\t\t\t<div class=\"elementor-widget-container\">\n\t\t\t\t\t\t\t\t\tSesiunile se desf\u0103\u0219oar\u0103 \u00een perioada iulie\u2013septembrie 2026, \u00een format online, \u0219i includ un program intensiv de mentorat \u0219i dialog critic. Prin intermediul acestuia, participan\u021bii \u00ee\u0219i aprofundeaz\u0103 interesele, \u00ee\u0219i dezvolt\u0103 practica artistic\u0103 \u0219i beneficiaz\u0103 de un schimb de cuno\u0219tin\u021be \u0219i experien\u021b\u0103 profesional\u0103.\n\t\t\t\t\t\t\t\t<\/div>\n\t\t\t\t<\/div>\n\t\t\t\t<div class=\"elementor-element elementor-element-6045185 elementor-widget elementor-widget-text-editor\" data-id=\"6045185\" data-element_type=\"widget\" data-e-type=\"widget\" data-widget_type=\"text-editor.default\">\n\t\t\t\t<div class=\"elementor-widget-container\">\n\t\t\t\t\t\t\t\t\tRuxandra Demetrescu este istoric de art\u0103, profesor de istoria \u0219i teoria artei \u00een cadrul Departamentului de Studii Doctorale al Universit\u0103\u021bii Na\u021bionale de Arte din Bucure\u0219ti, unde pred\u0103 cursuri de teoria artei, studii muzeale \u0219i art\u0103 rom\u00e2neasc\u0103 modern\u0103. A fost rector al Universit\u0103\u021bii Na\u021bionale de Arte din Bucure\u0219ti \u00een perioada 2006\u20132012 \u0219i primul director al Institutului Cultural Rom\u00e2n din Berlin, Germania, \u00eentre 1999 \u0219i 2003. Interesele sale de cercetare se concentreaz\u0103 asupra istoriei teoriilor artei din spa\u021biul de limb\u0103 german\u0103, cu accent pe autori precum Konrad Fiedler, Alois Riegl, Aby Warburg \u0219i Walter Benjamin, precum \u0219i asupra modernit\u0103\u021bii artistice rom\u00e2ne\u0219ti din perioada interbelic\u0103. \u00cen toamna anului 2012 a de\u021binut prestigioasa Arnheim Professur la Universitatea Humboldt din Berlin. A coordonat numeroase proiecte de cercetare \u0219i a curatoriat expozi\u021bii personale ale unor arti\u0219ti rom\u00e2ni contemporani, printre care Victoria Zidaru, Marilena Preda-S\u00e2nc, Dana Constantin, C\u0103t\u0103lin B\u0103lescu, Petru Lucaci, Nicolae Moldovan \u0219i Dacian Andoni. De asemenea, a publicat numeroase studii \u0219i texte critice \u00een cataloagele de expozi\u021bie ale arti\u0219tilor vizuali contemporani din Rom\u00e2nia, contribuind semnificativ la dezvoltarea discursului teoretic \u0219i critic asupra artei contemporane rom\u00e2ne\u0219ti.\n\t\t\t\t\t\t\t\t<\/div>\n\t\t\t\t<\/div>\n\t\t\t\t<div class=\"elementor-element elementor-element-7668cc5 elementor-widget elementor-widget-text-editor\" data-id=\"7668cc5\" data-element_type=\"widget\" data-e-type=\"widget\" data-widget_type=\"text-editor.default\">\n\t\t\t\t<div class=\"elementor-widget-container\">\n\t\t\t\t\t\t\t\t\tMirjami Schuppert este curatoare, cercet\u0103toare \u0219i produc\u0103toare cultural\u0103, activ\u00e2nd \u00eentre Potsdam, Germania, \u0219i Turku, Finlanda. \u00cen prezent ocup\u0103 func\u021bia de coordonatoare de programe \u00een cadrul Institutului Finlandez din Germania \u0219i a fost anterior directoare a Asocia\u021biei Arti\u0219tilor Arte \u0219i a Galeriei Titanik din Turku, unul dintre cele mai importante spa\u021bii independente dedicate artei contemporane din Finlanda. A ob\u021binut diploma de licen\u021b\u0103 \u0219i master \u00een Istorie Cultural\u0103 la Universitatea din Turku \u0219i a finalizat un doctorat bazat pe practic\u0103 \u00een curatoriat la Universitatea Ulster din Belfast \u00een anul 2016. Cercetarea sa doctoral\u0103 a analizat poten\u021bialul critic al interven\u021biilor artistice \u00een arhivele fotografice \u0219i rolul curatoarei \u00een medierea acestor procese. Din 2010, Schuppert a desf\u0103\u0219urat o activitate ampl\u0103 ca \u0219i curatoare independent\u0103, dezvolt\u00e2nd expozi\u021bii, publica\u021bii, programe publice \u0219i proiecte specifice contextului \u00een Finlanda, Germania, Irlanda de Nord \u0219i \u00een alte contexte interna\u021bionale. Practica sa curatorial\u0103 este centrat\u0103 pe colaborarea pe termen lung cu artistele \u0219i arti\u0219tii, pe produc\u021bia de lucr\u0103ri noi adaptate contextului \u0219i pe dezvoltarea unor metodologii curatoriale dialogice, care pun accent pe proces, experiment \u0219i schimb critic de idei. Interesele sale de cercetare \u0219i curatoriale includ etica curatoriatului, practicile arhivistice, specificitatea locului, cercetarea artistic\u0103, perspectivele feministe \u0219i rela\u021bia dintre arta contemporan\u0103, implicarea social\u0103 \u0219i produc\u021bia de cunoa\u0219tere. Prin proiectele sale, Schuppert exploreaz\u0103 constant modul \u00een care arta poate crea spa\u021bii pentru dialog, reflec\u021bie critic\u0103 \u0219i forme colective de imaginare a unor viitoruri alternative. Pe l\u00e2ng\u0103 activitatea sa curatorial\u0103, a predat la universit\u0103\u021bi \u0219i institu\u021bii de art\u0103 din diverse contexte interna\u021bionale \u0219i s-a implicat activ \u00een sus\u021binerea practicilor artistice emergente \u0219i \u00een dezvoltarea re\u021belelor culturale transna\u021bionale. De asemenea, este ini\u021biatoarea Wi Di Mimba Wi : The AKB &#038; SAVVY Contemporary Commission Prize, o platform\u0103 dedicat\u0103 cre\u0219terii vizibilit\u0103\u021bii artistelor provenite din medii subreprezentate \u0219i promov\u0103rii unor infrastructuri mai incluzive pentru arta contemporan\u0103.\n\t\t\t\t\t\t\t\t<\/div>\n\t\t\t\t<\/div>\n\t\t\t\t<div class=\"elementor-element elementor-element-728103c elementor-widget elementor-widget-text-editor\" data-id=\"728103c\" data-element_type=\"widget\" data-e-type=\"widget\" data-widget_type=\"text-editor.default\">\n\t\t\t\t<div class=\"elementor-widget-container\">\n\t\t\t\t\t\t\t\t\tMick Wilson este artist, educator \u0219i cercet\u0103tor, activ\u00e2nd \u00eentre G\u00f6teborg, Suedia, \u0219i Dublin, Irlanda. Este profesor de art\u0103, director al studiilor doctorale \u0219i co-director al Centre for Art and Political Imaginary (CAPIm, 2024\u20132028) din cadrul HDK-Valand, Universitatea din G\u00f6teborg, Suedia. De asemenea, este profesor invitat la Academia de Art\u0103 din Letonia. Este autorul volumului Discourse and the Curatorial (Berlin: Floating Opera Press, 2025). Proiectele sale actuale de cercetare colaborativ\u0103 includ Mapping the Political Imaginary (2025\u20132027), The Museum of the Commons (EACEA, 2023\u20132027) \u0219i The Fountain: An Art-Technological-Social Drama (FORMAS, 2020\u20132025). Printre volumele colective editate recent se num\u0103r\u0103:\u00eempreun\u0103 cu C\u0103t\u0103lin Gheorghe (coord.), Curating Beyond Exhibition: On the Post-Exhibitionary Condition in a Post-Political World (VECTOR, 2025); \u00eempreun\u0103 cu G. van Noord \u0219i Paul O\u2019Neill (coord.), Kathrin B\u00f6hm: Art on the Scale of Life (Sternberg Press, 2023); \u00eempreun\u0103 cu Henk Slager (coord.), Expo-Facto: Into the Algorithm of Exhibition (EARN, 2022); \u00eempreun\u0103 cu C\u0103t\u0103lin Gheorghe (coord.), Exhibitionary Acts of Political Imagination (Editura Artes \/ ArtMonitor, 2021); \u00eempreun\u0103 cu Nick Aikens \u0219i al\u021bi colaboratori (coord.), On the Question of Exhibition 1, 2 \u0219i 3 (PARSE, 2021); \u00eempreun\u0103 cu Paul O\u2019Neill \u0219i al\u021bi colaboratori (coord.), Curating After the Global (MIT Press, 2019). Activitatea sa se situeaz\u0103 la intersec\u021bia dintre art\u0103, cercetare, curatoriat \u0219i teoria politic\u0103, fiind preocupat de rolul imagina\u021biei politice \u00een practicile artistice contemporane, de transform\u0103rile expozi\u021biei ca format cultural \u0219i de rela\u021biile dintre art\u0103, cunoa\u0219tere \u0219i spa\u021biul public.\n\t\t\t\t\t\t\t\t<\/div>\n\t\t\t\t<\/div>\n\t\t\t\t<div class=\"elementor-element elementor-element-1df5575 elementor-widget elementor-widget-text-editor\" data-id=\"1df5575\" data-element_type=\"widget\" data-e-type=\"widget\" data-widget_type=\"text-editor.default\">\n\t\t\t\t<div class=\"elementor-widget-container\">\n\t\t\t\t\t\t\t\t\tMara Ra\u0163iu este doctor \u00een filosofie \u0219i, din 2014, conferen\u021biar universitar \u00een cadrul Departamentului de Discipline Teoretice al Universit\u0103\u021bii de Art\u0103 \u015fi Design din Cluj-Napoca (UAD). Ariile sale de expertiz\u0103 sunt estetica filosofic\u0103, teoriile artei \u015fi sociologia artei cu focus pe analiza practicilor, organiza\u021biilor \u015fi institu\u0163iilor artistice contemporane. Autoare a volumului Arta ca activitate social\u0103. Avatarurile discursului filosofic asupra artei contemporane (Casa C\u0103r\u021bii de \u0218tiin\u021b\u0103, Cluj-Napoca, 2011) \u0219i a unor studii publicate \u00een reviste de specialitate \u015fi volume colective, coordonatoare a volumului Discursuri asupra artei (Eikon, Cluj-Napoca, 2014), Mara Ra\u0163iu este fost\u0103 bursier\u0103 a programului Rave-Stipendium al IFA Stuttgart (2003) \u0219i alumna a programului GE-NEC III desf\u0103\u0219urat de Colegiul Noua Europ\u0103 din Bucure\u015fti (2010 \/ 2012). \u00centre 2012 \u0219i 2022 a ocupat func\u021bia de prorector responsabil cu parteneriatele institu\u021bionale, respectiv cea de rector interimar \u00een cadrul UAD. Din 2016 este membru al Board-ului Reprezentativ al Ligii Europene a Institutelor de Art\u0103 (ELIA), iar din 2020 este membru al Consiliului \u0219tiin\u021bific al Muzeului Na\u021bional de Art\u0103 Contemporan\u0103 (MNAC) din Bucure\u0219ti. \n\t\t\t\t\t\t\t\t<\/div>\n\t\t\t\t<\/div>\n\t\t\t\t<div class=\"elementor-element elementor-element-db2ba86 elementor-widget elementor-widget-text-editor\" data-id=\"db2ba86\" data-element_type=\"widget\" data-e-type=\"widget\" data-widget_type=\"text-editor.default\">\n\t\t\t\t<div class=\"elementor-widget-container\">\n\t\t\t\t\t\t\t\t\tIngunn Fj\u00f3la Ing\u00fe\u00f3rsd\u00f3ttir este o artist\u0103 \u0219i curatoare islandez\u0103 stabilit\u0103 \u00een Danemarca. De\u021bine un masterat \u00een Arte Vizuale (2017) \u0219i o diplom\u0103 de licen\u021b\u0103 \u00een Arte Vizuale (2007) ob\u021binute la Universitatea de Arte din Islanda, precum \u0219i o licen\u021b\u0103 \u00een Istoria Artei de la Universitatea din Aarhus, Danemarca (2002). Cu o experien\u021b\u0103 de peste 20 de ani \u00een domeniul artistic, Ingunn Fj\u00f3la a ocupat pozi\u021bii importante, printre care cea de director general al Muzeului de Art\u0103 Vie (Living Art Museum) din Islanda \u0219i manager de proiect pentru programele de mediere \u0219i implicare a publicului la Muzeul de Art\u0103 din Reykjavik. De asemenea, a desf\u0103\u0219urat o ampl\u0103 activitate ca \u0219i curator independent. Printre proiectele sale curatoriale recente se num\u0103r\u0103 Murmur (expozi\u021bie de grup, Muzeul de Art\u0103 din Reykjavik, 2024), Time and Time Again (expozi\u021bie de grup, Hafnarborg, 2024) \u0219i Stitches and Threads (expozi\u021bie de grup, Muzeul de Art\u0103 din Reykjavik, 2022), realizat\u0103 \u00een colaborare cu Birkir Karlsson. \u00cen paralel cu activitatea sa curatorial\u0103, Ingunn Fj\u00f3la este o artist\u0103 consacrat\u0103, ale c\u0103rei lucr\u0103ri au fost expuse \u00een Islanda, Danemarca, Germania \u0219i Statele Unite ale Americii \u0219i se reg\u0103sesc \u00een numeroase colec\u021bii publice \u0219i private din Islanda. Printre expozi\u021biile sale personale recente se num\u0103r\u0103 The Only Constant is Change la Galeria Na\u021bional\u0103 a Islandei \u0219i You Are the Input la Muzeul de Art\u0103 L\u00c1. \u00cen anul 2022, a primit Premiul de Art\u0103 Gu\u00f0munda S. Kristinsd\u00f3ttir pentru Artiste Remarcabile din Islanda. Practica sa artistic\u0103 include \u00een principal pictura, \u021besutul \u0219i instala\u021bia, explor\u00e2nd rela\u021biile dintre materialitate, proces \u0219i transformare.\n\t\t\t\t\t\t\t\t<\/div>\n\t\t\t\t<\/div>\n\t\t\t\t<div class=\"elementor-element elementor-element-62af948 elementor-widget elementor-widget-text-editor\" data-id=\"62af948\" data-element_type=\"widget\" data-e-type=\"widget\" data-widget_type=\"text-editor.default\">\n\t\t\t\t<div class=\"elementor-widget-container\">\n\t\t\t\t\t\t\t\t\tC\u0103t\u0103lin Gheorghe este teoretician, curator \u0219i editor, stabilit \u00een Ia\u0219i, Rom\u00e2nia, dar activ mai ales \u00een spa\u021biul extins \u0219i nelimitat al mediului online. \u00cen prezent ocup\u0103 func\u021bia de profesor de Cercetare \u0219i Practic\u0103 Curatorial\u0103 \u0219i este director al \u0218colii Doctorale de Arte Vizuale din cadrul Universit\u0103\u021bii Na\u021bionale de Arte \u201eGeorge Enescu\u201d din Ia\u0219i, unde pred\u0103 cursuri de Studii \u0219i Practici Curatoriale, Teorii \u0219i Practici ale Cercet\u0103rii Curatoriale, Teorii \u0219i Practici ale Cercet\u0103rii Artistice \u0219i Studii Vizuale Aplicate. Este membru al grupului de lucru WG5 Curatorial Studies Workshop din cadrul Extended Artistic Research Network (EARN), o re\u021bea european\u0103 dedicat\u0103 cercet\u0103rii artistice extinse. De asemenea, este editorul seriei editoriale \u201eVector \u2013 critical research in context\u201d, publica\u021bie care a participat la proiectul revistelor asociate expozi\u021biei documenta 12 din Kassel, \u00een anul 2007. Interesele sale de cercetare se concentreaz\u0103 asupra cercet\u0103rii artistice critice, practicilor curatoriale critice, rela\u021biei dintre art\u0103 \u0219i jurnalismul experimental, teoriilor contemporane ale artei cu accent pe dimensiunea lor politic\u0103, precum \u0219i asupra conceptelor de spa\u021bii xeno, practici xeno, trans(ex)pozi\u021bii \u0219i postcapitalism.\n\t\t\t\t\t\t\t\t<\/div>\n\t\t\t\t<\/div>\n\t\t\t\t<div class=\"elementor-element elementor-element-353950c elementor-widget elementor-widget-text-editor\" data-id=\"353950c\" data-element_type=\"widget\" data-e-type=\"widget\" data-widget_type=\"text-editor.default\">\n\t\t\t\t<div class=\"elementor-widget-container\">\n\t\t\t\t\t\t\t\t\tProgramul cuprinde 40 de sesiuni de mentorat. Fiecare mentor lucreaz\u0103 cu trei tineri profesioni\u0219ti \u0219i sus\u021bine c\u00e2te dou\u0103 sesiuni dedicate fiec\u0103rui participant. \u00cent\u00e2lnirile sunt adaptate intereselor individuale \u0219i specificului practicii artistice a participan\u021bilor.\n\t\t\t\t\t\t\t\t<\/div>\n\t\t\t\t<\/div>\n\t\t\t\t<div class=\"elementor-element elementor-element-b231328 elementor-widget elementor-widget-text-editor\" data-id=\"b231328\" data-element_type=\"widget\" data-e-type=\"widget\" data-widget_type=\"text-editor.default\">\n\t\t\t\t<div class=\"elementor-widget-container\">\n\t\t\t\t\t\t\t\t\tOrganizer: Artep Gallery Association<br>\nPartener principal: Haus der Kulturen der Welt\n\t\t\t\t\t\t\t\t<\/div>\n\t\t\t\t<\/div>\n\t\t\t\t<div class=\"elementor-element elementor-element-8eeae9d elementor-widget elementor-widget-text-editor\" data-id=\"8eeae9d\" data-element_type=\"widget\" data-e-type=\"widget\" data-widget_type=\"text-editor.default\">\n\t\t\t\t<div class=\"elementor-widget-container\">\n\t\t\t\t\t\t\t\t\tParteneri: Universitatea Na\u021bional\u0103 de Arte \u201eGeorge Enescu\u201d din Ia\u0219i, Institutul de Cercetare Multidisciplinar\u0103 \u00een Art\u0103, PROPAGARTA, Empower Artists, Modernism, PIN Magazine, Destination Ia\u0219i\n\t\t\t\t\t\t\t\t<\/div>\n\t\t\t\t<\/div>\n\t\t\t\t<div class=\"elementor-element elementor-element-c696b6e elementor-widget elementor-widget-text-editor\" data-id=\"c696b6e\" data-element_type=\"widget\" data-e-type=\"widget\" data-widget_type=\"text-editor.default\">\n\t\t\t\t<div class=\"elementor-widget-container\">\n\t\t\t\t\t\t\t\t\tCultural project co-financed by: National Cultural Fund Administration (AFCN)\n\t\t\t\t\t\t\t\t<\/div>\n\t\t\t\t<\/div>\n\t\t\t\t<div class=\"elementor-element elementor-element-bae818b elementor-widget elementor-widget-text-editor\" data-id=\"bae818b\" data-element_type=\"widget\" data-e-type=\"widget\" data-widget_type=\"text-editor.default\">\n\t\t\t\t<div class=\"elementor-widget-container\">\n\t\t\t\t\t\t\t\t\tThe project does not necessarily represent the position of the National Cultural Fund Administration. AFCN is not responsible for the content of the project or how the works may be used. These are entirely the responsibility of the beneficiary of the funding.\n\t\t\t\t\t\t\t\t<\/div>\n\t\t\t\t<\/div>\n\t\t\t\t<\/div>\n\t\t<div class=\"elementor-element elementor-element-6057d74 e-con-full e-flex e-con e-child\" data-id=\"6057d74\" data-element_type=\"container\" data-e-type=\"container\">\n\t\t\t\t<\/div>\n\t\t\t\t\t<\/div>\n\t\t\t\t<\/div>\n\t\t<div class=\"elementor-element elementor-element-5012fb0 e-flex e-con-boxed e-con e-child\" data-id=\"5012fb0\" data-element_type=\"container\" data-e-type=\"container\">\n\t\t\t\t\t<div class=\"e-con-inner\">\n\t\t\t\t<div class=\"elementor-element elementor-element-9ad10c3 elementor-widget-divider--view-line elementor-widget elementor-widget-divider\" data-id=\"9ad10c3\" data-element_type=\"widget\" data-e-type=\"widget\" data-widget_type=\"divider.default\">\n\t\t\t\t<div class=\"elementor-widget-container\">\n\t\t\t\t\t\t\t<div class=\"elementor-divider\">\n\t\t\t<span class=\"elementor-divider-separator\">\n\t\t\t\t\t\t<\/span>\n\t\t<\/div>\n\t\t\t\t\t\t<\/div>\n\t\t\t\t<\/div>\n\t\t\t\t<div class=\"elementor-element elementor-element-8d0f8c8 elementor-widget elementor-widget-gallery\" data-id=\"8d0f8c8\" data-element_type=\"widget\" data-e-type=\"widget\" data-settings=\"{&quot;columns&quot;:3,&quot;lazyload&quot;:&quot;yes&quot;,&quot;gallery_layout&quot;:&quot;grid&quot;,&quot;columns_tablet&quot;:2,&quot;columns_mobile&quot;:1,&quot;gap&quot;:{&quot;unit&quot;:&quot;px&quot;,&quot;size&quot;:10,&quot;sizes&quot;:[]},&quot;gap_tablet&quot;:{&quot;unit&quot;:&quot;px&quot;,&quot;size&quot;:10,&quot;sizes&quot;:[]},&quot;gap_mobile&quot;:{&quot;unit&quot;:&quot;px&quot;,&quot;size&quot;:10,&quot;sizes&quot;:[]},&quot;link_to&quot;:&quot;file&quot;,&quot;aspect_ratio&quot;:&quot;3:2&quot;,&quot;overlay_background&quot;:&quot;yes&quot;,&quot;content_hover_animation&quot;:&quot;fade-in&quot;}\" data-widget_type=\"gallery.default\">\n\t\t\t\t<div class=\"elementor-widget-container\">\n\t\t\t\t\t\t\t<div class=\"elementor-gallery__container\">\n\t\t\t\t\t\t\t<a class=\"e-gallery-item elementor-gallery-item elementor-animated-content\" href=\"https:\/\/www.artep.ro\/wp-content\/uploads\/2026\/09\/claudiuII.png\" data-elementor-open-lightbox=\"yes\" data-elementor-lightbox-slideshow=\"8d0f8c8\" data-e-action-hash=\"#elementor-action%3Aaction%3Dlightbox%26settings%3DeyJpZCI6MTIzMTIsInVybCI6Imh0dHBzOlwvXC93d3cuYXJ0ZXAucm9cL3dwLWNvbnRlbnRcL3VwbG9hZHNcLzIwMjZcLzA5XC9jbGF1ZGl1SUkucG5nIiwic2xpZGVzaG93IjoiOGQwZjhjOCJ9\">\n\t\t\t\t\t<div class=\"e-gallery-image elementor-gallery-item__image\" data-thumbnail=\"https:\/\/www.artep.ro\/wp-content\/uploads\/2026\/09\/claudiuII.png\" data-width=\"2360\" data-height=\"1640\" aria-label=\"\" role=\"img\" ><\/div>\n\t\t\t\t\t\t\t\t\t\t\t<div class=\"elementor-gallery-item__overlay\"><\/div>\n\t\t\t\t\t\t\t\t\t\t\t\t\t\t<\/a>\n\t\t\t\t\t\t\t<a class=\"e-gallery-item elementor-gallery-item elementor-animated-content\" href=\"https:\/\/www.artep.ro\/wp-content\/uploads\/2026\/09\/DariaI.jpeg\" data-elementor-open-lightbox=\"yes\" data-elementor-lightbox-slideshow=\"8d0f8c8\" data-e-action-hash=\"#elementor-action%3Aaction%3Dlightbox%26settings%3DeyJpZCI6MTIzMTMsInVybCI6Imh0dHBzOlwvXC93d3cuYXJ0ZXAucm9cL3dwLWNvbnRlbnRcL3VwbG9hZHNcLzIwMjZcLzA5XC9EYXJpYUkuanBlZyIsInNsaWRlc2hvdyI6IjhkMGY4YzgifQ%3D%3D\">\n\t\t\t\t\t<div class=\"e-gallery-image elementor-gallery-item__image\" data-thumbnail=\"https:\/\/www.artep.ro\/wp-content\/uploads\/2026\/09\/DariaI.jpeg\" data-width=\"1827\" data-height=\"864\" aria-label=\"\" role=\"img\" ><\/div>\n\t\t\t\t\t\t\t\t\t\t\t<div class=\"elementor-gallery-item__overlay\"><\/div>\n\t\t\t\t\t\t\t\t\t\t\t\t\t\t<\/a>\n\t\t\t\t\t\t\t<a class=\"e-gallery-item elementor-gallery-item elementor-animated-content\" href=\"https:\/\/www.artep.ro\/wp-content\/uploads\/2026\/09\/Screenshot-526.png\" data-elementor-open-lightbox=\"yes\" data-elementor-lightbox-slideshow=\"8d0f8c8\" data-e-action-hash=\"#elementor-action%3Aaction%3Dlightbox%26settings%3DeyJpZCI6MTIzMTQsInVybCI6Imh0dHBzOlwvXC93d3cuYXJ0ZXAucm9cL3dwLWNvbnRlbnRcL3VwbG9hZHNcLzIwMjZcLzA5XC9TY3JlZW5zaG90LTUyNi5wbmciLCJzbGlkZXNob3ciOiI4ZDBmOGM4In0%3D\">\n\t\t\t\t\t<div class=\"e-gallery-image elementor-gallery-item__image\" data-thumbnail=\"https:\/\/www.artep.ro\/wp-content\/uploads\/2026\/09\/Screenshot-526.png\" data-width=\"1920\" data-height=\"1080\" aria-label=\"\" role=\"img\" ><\/div>\n\t\t\t\t\t\t\t\t\t\t\t<div class=\"elementor-gallery-item__overlay\"><\/div>\n\t\t\t\t\t\t\t\t\t\t\t\t\t\t<\/a>\n\t\t\t\t\t\t\t<a class=\"e-gallery-item elementor-gallery-item elementor-animated-content\" href=\"https:\/\/www.artep.ro\/wp-content\/uploads\/2026\/09\/Screenshot-548.png\" data-elementor-open-lightbox=\"yes\" data-elementor-lightbox-slideshow=\"8d0f8c8\" data-e-action-hash=\"#elementor-action%3Aaction%3Dlightbox%26settings%3DeyJpZCI6MTIzMTUsInVybCI6Imh0dHBzOlwvXC93d3cuYXJ0ZXAucm9cL3dwLWNvbnRlbnRcL3VwbG9hZHNcLzIwMjZcLzA5XC9TY3JlZW5zaG90LTU0OC5wbmciLCJzbGlkZXNob3ciOiI4ZDBmOGM4In0%3D\">\n\t\t\t\t\t<div class=\"e-gallery-image elementor-gallery-item__image\" data-thumbnail=\"https:\/\/www.artep.ro\/wp-content\/uploads\/2026\/09\/Screenshot-548.png\" data-width=\"1920\" data-height=\"1080\" aria-label=\"\" role=\"img\" ><\/div>\n\t\t\t\t\t\t\t\t\t\t\t<div class=\"elementor-gallery-item__overlay\"><\/div>\n\t\t\t\t\t\t\t\t\t\t\t\t\t\t<\/a>\n\t\t\t\t\t\t\t<a class=\"e-gallery-item elementor-gallery-item elementor-animated-content\" href=\"https:\/\/www.artep.ro\/wp-content\/uploads\/2026\/09\/Screenshot-559.png\" data-elementor-open-lightbox=\"yes\" data-elementor-lightbox-slideshow=\"8d0f8c8\" data-e-action-hash=\"#elementor-action%3Aaction%3Dlightbox%26settings%3DeyJpZCI6MTIzMTYsInVybCI6Imh0dHBzOlwvXC93d3cuYXJ0ZXAucm9cL3dwLWNvbnRlbnRcL3VwbG9hZHNcLzIwMjZcLzA5XC9TY3JlZW5zaG90LTU1OS5wbmciLCJzbGlkZXNob3ciOiI4ZDBmOGM4In0%3D\">\n\t\t\t\t\t<div class=\"e-gallery-image elementor-gallery-item__image\" data-thumbnail=\"https:\/\/www.artep.ro\/wp-content\/uploads\/2026\/09\/Screenshot-559.png\" data-width=\"1920\" data-height=\"1080\" aria-label=\"\" role=\"img\" ><\/div>\n\t\t\t\t\t\t\t\t\t\t\t<div class=\"elementor-gallery-item__overlay\"><\/div>\n\t\t\t\t\t\t\t\t\t\t\t\t\t\t<\/a>\n\t\t\t\t\t\t\t<a class=\"e-gallery-item elementor-gallery-item elementor-animated-content\" href=\"https:\/\/www.artep.ro\/wp-content\/uploads\/2026\/09\/Screenshot-2026-07-20-at-12.15.46-scaled.png\" data-elementor-open-lightbox=\"yes\" data-elementor-lightbox-slideshow=\"8d0f8c8\" data-e-action-hash=\"#elementor-action%3Aaction%3Dlightbox%26settings%3DeyJpZCI6MTIzMTgsInVybCI6Imh0dHBzOlwvXC93d3cuYXJ0ZXAucm9cL3dwLWNvbnRlbnRcL3VwbG9hZHNcLzIwMjZcLzA5XC9TY3JlZW5zaG90LTIwMjYtMDctMjAtYXQtMTIuMTUuNDYtc2NhbGVkLnBuZyIsInNsaWRlc2hvdyI6IjhkMGY4YzgifQ%3D%3D\">\n\t\t\t\t\t<div class=\"e-gallery-image elementor-gallery-item__image\" data-thumbnail=\"https:\/\/www.artep.ro\/wp-content\/uploads\/2026\/09\/Screenshot-2026-07-20-at-12.15.46-scaled.png\" data-width=\"2560\" data-height=\"1600\" aria-label=\"\" role=\"img\" ><\/div>\n\t\t\t\t\t\t\t\t\t\t\t<div class=\"elementor-gallery-item__overlay\"><\/div>\n\t\t\t\t\t\t\t\t\t\t\t\t\t\t<\/a>\n\t\t\t\t\t\t\t<a class=\"e-gallery-item elementor-gallery-item elementor-animated-content\" href=\"https:\/\/www.artep.ro\/wp-content\/uploads\/2026\/09\/Screenshot-2026-07-21-at-10.47.32-scaled.png\" data-elementor-open-lightbox=\"yes\" data-elementor-lightbox-slideshow=\"8d0f8c8\" data-e-action-hash=\"#elementor-action%3Aaction%3Dlightbox%26settings%3DeyJpZCI6MTIzMjAsInVybCI6Imh0dHBzOlwvXC93d3cuYXJ0ZXAucm9cL3dwLWNvbnRlbnRcL3VwbG9hZHNcLzIwMjZcLzA5XC9TY3JlZW5zaG90LTIwMjYtMDctMjEtYXQtMTAuNDcuMzItc2NhbGVkLnBuZyIsInNsaWRlc2hvdyI6IjhkMGY4YzgifQ%3D%3D\">\n\t\t\t\t\t<div class=\"e-gallery-image elementor-gallery-item__image\" data-thumbnail=\"https:\/\/www.artep.ro\/wp-content\/uploads\/2026\/09\/Screenshot-2026-07-21-at-10.47.32-scaled.png\" data-width=\"2560\" data-height=\"1600\" aria-label=\"\" role=\"img\" ><\/div>\n\t\t\t\t\t\t\t\t\t\t\t<div class=\"elementor-gallery-item__overlay\"><\/div>\n\t\t\t\t\t\t\t\t\t\t\t\t\t\t<\/a>\n\t\t\t\t\t\t\t<a class=\"e-gallery-item elementor-gallery-item elementor-animated-content\" href=\"https:\/\/www.artep.ro\/wp-content\/uploads\/2026\/09\/vladI.png\" data-elementor-open-lightbox=\"yes\" data-elementor-lightbox-slideshow=\"8d0f8c8\" data-e-action-hash=\"#elementor-action%3Aaction%3Dlightbox%26settings%3DeyJpZCI6MTIzMjEsInVybCI6Imh0dHBzOlwvXC93d3cuYXJ0ZXAucm9cL3dwLWNvbnRlbnRcL3VwbG9hZHNcLzIwMjZcLzA5XC92bGFkSS5wbmciLCJzbGlkZXNob3ciOiI4ZDBmOGM4In0%3D\">\n\t\t\t\t\t<div class=\"e-gallery-image elementor-gallery-item__image\" data-thumbnail=\"https:\/\/www.artep.ro\/wp-content\/uploads\/2026\/09\/vladI.png\" data-width=\"1919\" data-height=\"1027\" aria-label=\"\" role=\"img\" ><\/div>\n\t\t\t\t\t\t\t\t\t\t\t<div class=\"elementor-gallery-item__overlay\"><\/div>\n\t\t\t\t\t\t\t\t\t\t\t\t\t\t<\/a>\n\t\t\t\t\t\t\t<a class=\"e-gallery-item elementor-gallery-item elementor-animated-content\" href=\"https:\/\/www.artep.ro\/wp-content\/uploads\/2026\/09\/vladII.png\" data-elementor-open-lightbox=\"yes\" data-elementor-lightbox-slideshow=\"8d0f8c8\" data-e-action-hash=\"#elementor-action%3Aaction%3Dlightbox%26settings%3DeyJpZCI6MTIzMjIsInVybCI6Imh0dHBzOlwvXC93d3cuYXJ0ZXAucm9cL3dwLWNvbnRlbnRcL3VwbG9hZHNcLzIwMjZcLzA5XC92bGFkSUkucG5nIiwic2xpZGVzaG93IjoiOGQwZjhjOCJ9\">\n\t\t\t\t\t<div class=\"e-gallery-image elementor-gallery-item__image\" data-thumbnail=\"https:\/\/www.artep.ro\/wp-content\/uploads\/2026\/09\/vladII.png\" data-width=\"1897\" data-height=\"1064\" aria-label=\"\" role=\"img\" ><\/div>\n\t\t\t\t\t\t\t\t\t\t\t<div class=\"elementor-gallery-item__overlay\"><\/div>\n\t\t\t\t\t\t\t\t\t\t\t\t\t\t<\/a>\n\t\t\t\t\t<\/div>\n\t\t\t\t\t<\/div>\n\t\t\t\t<\/div>\n\t\t\t\t\t<\/div>\n\t\t\t\t<\/div>\n\t\t\t\t<\/div>","protected":false},"excerpt":{"rendered":"<p>PROGRAM DE MENTORAT \u0218I DIALOG CRITIC la Asocia\u021bia Galeria Artep, Ia\u0219i \u00cen vara anului 2026, Reziden\u021ba Artistic\u0103 110 se concentreaz\u0103 pe explorarea storytellingului vizual, a tehnicilor de lucru, a cercet\u0103rii vizuale \u0219i a managementului artistic. Programul reune\u0219te 18 participan\u021bi selecta\u021bi \u0219i \u0219ase curatori invita\u021bi: Ruxandra Demetrescu, Mirjami Schuppert, Mick Wilson, Mara Ra\u021biu, Ingunn Fj\u00f3la Ing\u00fe\u00f3rsd\u00f3ttir [&hellip;]<\/p>\n","protected":false},"author":1,"featured_media":0,"comment_status":"closed","ping_status":"closed","sticky":false,"template":"elementor_header_footer","format":"standard","meta":{"_acf_changed":false,"footnotes":""},"categories":[25],"tags":[],"class_list":["post-12307","post","type-post","status-publish","format-standard","hentry","category-proiecte"],"acf":[],"_links":{"self":[{"href":"https:\/\/www.artep.ro\/en\/wp-json\/wp\/v2\/posts\/12307","targetHints":{"allow":["GET"]}}],"collection":[{"href":"https:\/\/www.artep.ro\/en\/wp-json\/wp\/v2\/posts"}],"about":[{"href":"https:\/\/www.artep.ro\/en\/wp-json\/wp\/v2\/types\/post"}],"author":[{"embeddable":true,"href":"https:\/\/www.artep.ro\/en\/wp-json\/wp\/v2\/users\/1"}],"replies":[{"embeddable":true,"href":"https:\/\/www.artep.ro\/en\/wp-json\/wp\/v2\/comments?post=12307"}],"version-history":[{"count":10,"href":"https:\/\/www.artep.ro\/en\/wp-json\/wp\/v2\/posts\/12307\/revisions"}],"predecessor-version":[{"id":12328,"href":"https:\/\/www.artep.ro\/en\/wp-json\/wp\/v2\/posts\/12307\/revisions\/12328"}],"wp:attachment":[{"href":"https:\/\/www.artep.ro\/en\/wp-json\/wp\/v2\/media?parent=12307"}],"wp:term":[{"taxonomy":"category","embeddable":true,"href":"https:\/\/www.artep.ro\/en\/wp-json\/wp\/v2\/categories?post=12307"},{"taxonomy":"post_tag","embeddable":true,"href":"https:\/\/www.artep.ro\/en\/wp-json\/wp\/v2\/tags?post=12307"}],"curies":[{"name":"wp","href":"https:\/\/api.w.org\/{rel}","templated":true}]}}