{"id":4695,"date":"2023-03-10T08:56:36","date_gmt":"2023-03-10T08:56:36","guid":{"rendered":"https:\/\/www.artep.ro\/?p=4695"},"modified":"2023-03-10T08:56:36","modified_gmt":"2023-03-10T08:56:36","slug":"print-matei-bejenaru","status":"publish","type":"post","link":"https:\/\/www.artep.ro\/en\/print-matei-bejenaru\/","title":{"rendered":"PRINT, MATEI BEJENARU"},"content":{"rendered":"<p>Joi, 17 iunie 2021, \u00eencep\u00e2nd cu ora 18.30, v\u0103 invit\u0103m la deschiderea expozi\u021biei de fotografie \u201ePRINT\u201d, la Galeria Artep din Ia\u0219i. Evenimentul va fi disponibil online, dar se va organiza \u0219i fizic, pentru un public restr\u00e2ns, cu respectarea normelor sanitare impuse de pandemia COVID-19.<\/p>\n<p>V\u0103 propunem o incursiune vizual\u0103 \u00eentr-o lume disp\u0103rut\u0103, dar redescoperit\u0103 \u00een print prin tehnici de lucru abandonate de la \u00eenceputul secolului XX \u2013 precum platinum palladium. Matei Bejenaru prezint\u0103 publicului ie\u0219ean o instala\u021bie de art\u0103 \u00een centrul c\u0103reia se afl\u0103 printul alb-negru de mari dimensiuni, \u0219i un caleidoscop de tehnici de transformare a instantaneului vizual \u00eentr-un instrument de documentare social\u0103, format dintr-o serie de elemente specifice (aparatul, filmul, negativul, printul, perspectiva fotografului) care determin\u0103 semnifica\u021bii \u0219i valori culturale diferite. Tema nu este \u00eent\u00e2mpl\u0103toare \u2013 fotografiile au fost realizate la Turn\u0103toria MAE din Ia\u0219i, una dintre ultimele turn\u0103torii \u00een font\u0103 existente \u00een Rom\u00e2nia \u2013 \u0219i coincide \u00een esen\u021b\u0103 cu recuperarea unui trecut, a unui timp care \u0219i-a l\u0103sat amprenta asupra acestui AZI. Prin subiectele abordate, tehnicile folosite, dar mai ales prin alegerile artistului \u00een dezvoltarea fotografiei pe print, expozi\u021bia propus\u0103 de Asocia\u021bia Galeria Artep devine un demers complex, cu valen\u021be sociale, artistice, tehnice \u0219i documentare care sondeaz\u0103 timpul dintr-o multitudine de perspective \u2013 cea personal\u0103 fiind esen\u021bial\u0103.<\/p>\n<p>\u201e\u00cen particular, artistul se focalizeaz\u0103 asupra procesului de produc\u021bie a unui element ce reprezint\u0103 punctul terminus al lan\u021bului de produc\u021bie specific fotografiei analogice: printul. Pe suprafa\u021ba obiectelor fotografice produse de Matei Bejenaru se afl\u0103, aproape imperceptibile, straturi de emulsii \u0219i de materiale chimice \u0219i metale pre\u021bioase care, \u00een contact cu h\u00e2rtia fotosensibil\u0103, construiesc imaginea asemeni unui sculpturi. Izomorfismul dintre subiectul reprezent\u0103rii (oxizii de fier prezen\u021bi \u00een turn\u0103torie) \u0219i procesul de produc\u021bie al obiectelor fotografice se p\u0103streaz\u0103 \u00een \u00eentreaga serie de imagini expuse, subliniind materialitatea metalic\u0103 \u0219i mineral\u0103 a suprafe\u021bei fotografice\u201d, detaliaz\u0103 Cristian Nae, curatorul expozi\u021biei.<\/p>\n<p>Expozi\u021bia \u201ePRINT\u201d va fi deschis\u0103 spre vizitare la Galeria Artep (\u0218oseaua S\u0103r\u0103rie, nr. 15, Ia\u0219i) \u00een perioada 17 iunie \u2013 31 iulie 2021.<\/p>\n<p>\u201eImaginile expuse la Galeria Artep din Ia\u0219i fac parte dintr-un demers mai amplu de cercetare fotografic\u0103 ini\u021biat\u0103 de artistul Matei Bejenaru, care combin\u0103 recuperarea unor forme de cunoa\u0219tere tehnologic\u0103 specifice modernit\u0103\u021bii industriale cu analiza modului \u00een care procesul de produc\u021bie analogic\u0103 a imaginii fotografice condi\u021bioneaz\u0103 at\u00e2t cultura vizual\u0103, c\u00e2t \u0219i cultura material\u0103. \u00cen condi\u021biile prolifer\u0103rii sociale a imaginilor fotografice recodificate ca informa\u021bie mediat\u0103 digital, produc\u021bia analogic\u0103 influen\u021beaz\u0103 modalit\u0103\u021bile \u00een care stoc\u0103m informa\u021bia, interpret\u0103m trecutul recent \u0219i construim memoria colectiv\u0103. Proiectul de arheologie cultural\u0103 \u0219i istorie material\u0103 propus de Matei Bejenaru analizeaz\u0103 materialitatea imaginilor fotografice, existen\u021ba lor ca obiecte culturale a c\u0103ror circula\u021bie social\u0103 este facilitat\u0103 \u0219i condi\u021bionat\u0103 de posibilit\u0103\u021bile \u0219i limit\u0103rile tehnologice ale modului \u00een care au fost produse, precum \u0219i perisabilitatea sau persisten\u021ba \u00een timp a imaginilor fotografice transpuse pe h\u00e2rtie\u201d explic\u0103 Cristian Nae conceptul acestei instala\u021bii inedite de fotografie.<br \/>\nMatei Bejenaru este un artist care tr\u0103ie\u0219te \u0219i lucreaz\u0103 la Ia\u0219i, unde pred\u0103 fotografie \u0219i art\u0103 video la Universitatea de Arte \u201eGeorge Enescu\u201d. Prin proiectele sale din ultimii ani de fotografie, video \u0219i performance, Matei Bejenaru investigheaz\u0103 politici de reprezentare \u00een fotografia \u0219i filmul documentar social, metode interdisciplinare de generare a proiectelor artistice hibride, care import\u0103 elemente de limbaj din alte medii precum muzica, teatrul performativ ori poezia. Este fondator \u0219i director artistic al Bienalei de Art\u0103 Contemporan\u0103 Periferic din Ia\u0219i (\u00eentre 1997 \u0219i 2008), este membru fondator al Asocia\u021biei Vector din Iasi \u0219i a asigurat conducerea institu\u021biei \u00een perioada (2001-2011). \u00centre 2003 \u0219i 2007 a fost directorul artistic al Galeriei Vector din Iasi. Tot \u00een aceeasi perioada a ini\u021biat \u0219i manageriat proiectul de cultur\u0103 social\u0103 cARTier, realizat \u00eempreun\u0103 cu colegi din Asocia\u021bia Vector. Este fondator \u0219i director al Centrului de Fotografie Contemporan\u0103 din Ia\u0219i (2015) ce organizeaz\u0103 Bienala de Fotografie Contemporan\u0103 Camera Plus.<\/p>\n<p>Expozi\u021bia \u201ePRINT\u201d \u0219i dezbaterile \u00een jurul fotografiei artistice de tip documentar care vor fi organizate \u00een perioada 17 iunie \u2013 31 iulie 2021 la Galeria Artep, dar \u0219i ulterior \u00een \u021bar\u0103, sunt parte integrant\u0103 din proiectul \u201eModernit\u0103\u021bi multiple: demers de cercetare artistic\u0103 asupra mediului fotografic\u201d, co-finan\u021bat de Administra\u021bia Fondului Cultural Na\u021bional (AFCN) \u0219i ini\u021biat de Asocia\u021bia Galeria Artep.<\/p>\n<p>Organizer: Artep Gallery Association<br \/>\nWith the support of: the Administration of the National Cultural Fund<br \/>\nParteneri: Galeria Artep, Asocia\u021bia Cultural\u0103 Contrasens, SwitchLab<br \/>\nParteneri media: TVR Ia\u0219i, Revista Timpul<\/p>\n<p>The project does not necessarily represent the position of the National Cultural Fund Administration. AFCN is not responsible for the content of the project or how the works may be used. These are entirely the responsibility of the beneficiary of the funding.<\/p>","protected":false},"excerpt":{"rendered":"<p>Joi, 17 iunie 2021, \u00eencep\u00e2nd cu ora 18.30, v\u0103 invit\u0103m la deschiderea expozi\u021biei de fotografie \u201ePRINT\u201d, la Galeria Artep din Ia\u0219i. Evenimentul va fi disponibil online, dar se va organiza \u0219i fizic, pentru un public restr\u00e2ns, cu respectarea normelor sanitare impuse de pandemia COVID-19. V\u0103 propunem o incursiune vizual\u0103 \u00eentr-o lume disp\u0103rut\u0103, dar redescoperit\u0103 \u00een [&hellip;]<\/p>\n","protected":false},"author":1,"featured_media":4696,"comment_status":"open","ping_status":"closed","sticky":false,"template":"","format":"standard","meta":{"_acf_changed":false,"footnotes":""},"categories":[25],"tags":[],"class_list":["post-4695","post","type-post","status-publish","format-standard","has-post-thumbnail","hentry","category-proiecte"],"acf":[],"_links":{"self":[{"href":"https:\/\/www.artep.ro\/en\/wp-json\/wp\/v2\/posts\/4695","targetHints":{"allow":["GET"]}}],"collection":[{"href":"https:\/\/www.artep.ro\/en\/wp-json\/wp\/v2\/posts"}],"about":[{"href":"https:\/\/www.artep.ro\/en\/wp-json\/wp\/v2\/types\/post"}],"author":[{"embeddable":true,"href":"https:\/\/www.artep.ro\/en\/wp-json\/wp\/v2\/users\/1"}],"replies":[{"embeddable":true,"href":"https:\/\/www.artep.ro\/en\/wp-json\/wp\/v2\/comments?post=4695"}],"version-history":[{"count":1,"href":"https:\/\/www.artep.ro\/en\/wp-json\/wp\/v2\/posts\/4695\/revisions"}],"predecessor-version":[{"id":4697,"href":"https:\/\/www.artep.ro\/en\/wp-json\/wp\/v2\/posts\/4695\/revisions\/4697"}],"wp:featuredmedia":[{"embeddable":true,"href":"https:\/\/www.artep.ro\/en\/wp-json\/wp\/v2\/media\/4696"}],"wp:attachment":[{"href":"https:\/\/www.artep.ro\/en\/wp-json\/wp\/v2\/media?parent=4695"}],"wp:term":[{"taxonomy":"category","embeddable":true,"href":"https:\/\/www.artep.ro\/en\/wp-json\/wp\/v2\/categories?post=4695"},{"taxonomy":"post_tag","embeddable":true,"href":"https:\/\/www.artep.ro\/en\/wp-json\/wp\/v2\/tags?post=4695"}],"curies":[{"name":"wp","href":"https:\/\/api.w.org\/{rel}","templated":true}]}}