{"id":6045,"date":"2023-04-12T14:53:56","date_gmt":"2023-04-12T14:53:56","guid":{"rendered":"https:\/\/www.artep.ro\/?p=6045"},"modified":"2023-09-15T11:56:03","modified_gmt":"2023-09-15T11:56:03","slug":"inscrie-te-la-rezidenta-artistica-110-formare-si-mentorat-in-practicile-curatoriale","status":"publish","type":"post","link":"https:\/\/www.artep.ro\/en\/inscrie-te-la-rezidenta-artistica-110-formare-si-mentorat-in-practicile-curatoriale\/","title":{"rendered":"\u00censcrie-te la Reziden\u021ba artistic\u0103 110.  Formare \u0219i  mentorat \u00een practicile curatoriale!"},"content":{"rendered":"<p>Asocia\u021bia Galeria Artep lanseaz\u0103 \u00een 2023 dou\u0103 reziden\u021be artistice dedicate curatoriatului \u0219i provoc\u0103rilor cu care se confrunt\u0103 tinerii care activeaz\u0103 \u00een domeniul artelor vizuale \u0219i care vor s\u0103 aprofundeze aceast\u0103 tem\u0103. Le avem al\u0103turi de noi pe curatoarele Larisa Oancea (Vene\u021bia) \u0219i Berit Fischer (Berlin), invitate \u00een reziden\u021b\u0103 artistic\u0103 la Ia\u0219i, ca s\u0103 lucreze cu tineri interesa\u021bi de curatoriat, \u00een sesiuni specifice de ateliere \u0219i mentorat.<span class=\"Apple-converted-space\">\u00a0<\/span><\/p>\n<p>Reziden\u021ba artistic\u0103 110 este un demers al Asocia\u021biei Galeria Artep co-finan\u021bat de Administra\u021bia Fondului Cultural Na\u021bional dedicat dezvolt\u0103rii artelor cu predilec\u021bie \u00een zona Moldovei, dar nu numai. Aceast\u0103 prim\u0103 edi\u021bie derulat\u0103 \u00een 2023 se axeaz\u0103 pe curatoriatul artistic \u0219i vizeaz\u0103 dezvoltarea competen\u021belor specifice la tinerii preocupa\u021bi de acest domeniu.<\/p>\n<p>Invit\u0103m tineri curatori sau arti\u0219ti vizuali interesa\u021bi de tema curatorierii la dou\u0103 cursuri intensive, derulate la Ia\u0219i, respectiv:<\/p>\n<p>\u201eNo\u021biunea de montaj \u00een practicile interdisciplinare de cercetare\u201d cu Larisa Oancea, 26-28 mai 2023. \u00censcrieri p\u00e2n\u0103 pe 5 mai.<\/p>\n<p>\u201eTowards a Post-Representational Practice\u201d cu Berit Fischer, 8-10 iulie 2023 (curs derulat \u00een limba englez\u0103). \u00censcrieri p\u00e2n\u0103 pe 10 iunie 2023.<\/p>\n<p>La fiecare sesiune de training informal pot participa maximum 10 persoane, v\u0103 recomand\u0103m s\u0103 v\u0103 \u00eenscrie\u021bi specific\u00e2nd atelierul ales. Cursurile vor fi urmate de sesiuni de mentorat derulate online \u00een perioada iulie-septembrie 2023. Participan\u021bii vor fi selecta\u021bi pe baza aplica\u021biei personale de o comisie dedicat\u0103.<\/p>\n<p><b>Larisa Oancea<\/b> este istoric de art\u0103 \u0219i cercet\u0103tor independent. Din 2016 locuie\u0219te la Vene\u021bia, unde colaboreaz\u0103 cu numeroase institu\u021bii de cultur\u0103. Este doctor \u00een istoria \u0219i teoria artei (Universitatea Na\u021bional\u0103 de Arte din Bucure\u0219ti) cu o tez\u0103 despre influen\u021bele artei renascentiste asupra cinematografiei europene, de la Serghei Eisenstein la Peter Greenaway \u0219i Lech Majewski. Format\u0103 at\u00e2t ca istoric de art\u0103, c\u00e2t \u0219i ca antropolog, Larisa s-a dedicat constant cercet\u0103rii dialogului dintre pictur\u0103 \u0219i film, precum \u0219i rela\u021biei dintre cinematografie \u0219i antropologie. Este autoarea c\u0103r\u021bii \u201eNancy Spanier. The Arc of a Dancing Life\u201d \u2013 o monografie despre coreografa \u0219i artista performativ\u0103 Nancy Spanier, publicat\u0103 de Performance Inventions \u00een decembrie 2021. \u00cen ultimii ani a lucrat ca: cercet\u0103tor la Siam\u2019s Guy Books, Yogurt Magazine \u0219i Performance Inventions; asistent muzeal la Fondazione Prada, Triennale di Milano, Biennale di Venezia, Fondazione Pino Pascali; curator a numeroase expozi\u021bii \u0219i sesiuni tematice de film. \u00cen prezent colaboreaz\u0103 cu Pavilionul Rom\u00e2niei \u0219i Pavilionul Germaniei la Bienala de la Vene\u021bia, iar din 2021 este studio manager \u0219i cercet\u0103tor \u00een cadrul colec\u021biei private de c\u0103r\u021bi de artist Tiane Doan na Champassak.<\/p>\n<p>Larisa Oancea va fi prezent\u0103 la Ia\u0219i \u00een reziden\u021b\u0103 artistic\u0103 \u00een perioada 21-31 mai, timp \u00een care va intra \u00een contact cu via\u021ba artistic\u0103 din regiune \u0219i va derula atelierul special dezvoltat cu acest prilej.<\/p>\n<p><b>Berit Fischer<\/b> este un profesionist transdisciplinar cultural: curator, savant, artist, scriitor \u0219i editor. Lucreaz\u0103 la nivel interna\u021bional din 1999. A locuit \u00een New York \u0219i Londra (1997\u20132009), iar acum lucreaz\u0103 din Berlin. De\u021bine un doctorat de la Winchester School of Art\/Southampton University, Marea Britanie. \u00cen practica sa \u0219i \u00een cercetare, se concentreaz\u0103 pe formarea cuno\u0219tin\u021belor experien\u021biale \u0219i pe practica post-reprezenta\u021bional\u0103, pedagogiile socio-ecologice, practicile urbane \u0219i spa\u021biale critice. Inspirat\u0103 de pedagogiile feministe \u0219i radicale, de tehnicile de ascultare activ\u0103 \u0219i comunicare corporal\u0103, Berit caut\u0103 activ s\u0103 medieze \u00eent\u00e2lnirile afective, zonele de ac\u021biune \u0219i de interven\u021bie pentru implicarea \u0219i analiza critic\u0103, \u0219i este preocupat\u0103 de \u00eenv\u0103\u021bare ecosistemic\u0103, \u0219i ecologia durabil\u0103 a comunit\u0103\u021bii planetare a vie\u021bii. \u00cen 2016, a fondat Radical Empathy Lab, un laborator de cercetare socio-ecologic\u0103 nomad pentru formarea cunoa\u0219terii experien\u021biale. Este fondatoarea \u0219i curatoarea Festivalului (Re-)Gaining Ecological Futures de la Floating University, Berlin.<\/p>\n<p>Berit Fischer va fi prezent\u0103 la Ia\u0219i \u00een reziden\u021b\u0103 artistic\u0103 \u00een perioada 7-16 iulie, timp \u00een care se va familiariza cu peisajul local \u0219i na\u021bional \u0219i va derula atelierul special dezvoltat cu acest prilej.<\/p>\n<p>Din 2018, <b>Galeria Artep<\/b> aduce publicului ie\u0219ean, cu predilec\u021bie, cei mai aprecia\u021bi arti\u0219ti vizuali rom\u00e2ni, \u00een instala\u021bii de pictur\u0103, sculptur\u0103 \u0219i fotografie coordonate de curatori pasiona\u021bi, instala\u021bii corelate cu film de autor, cercetare \u0219i o abordare convergent\u0103 asupra domeniului. Galeria Artep a propus publicului ie\u0219ean o serie impresionant\u0103 de arti\u0219ti vizuali, precum: Felix Aftene (2018, 2020) \u0218tefan C\u00e2l\u021bia (2019, 2020, 2021, 2022), Virgil Scripcariu (2019), Mark Verlan \u0219i Ghenadie Popescu (2020), Matei Bejenaru (2021), Nicu Ilfoveanu (2021), Claudiu Ciobanu (2022, 2023 la ICR Viena), Miruna Radovici (2022), Sorin Ilfoveanu (2022\/2023).<span class=\"Apple-converted-space\">\u00a0<\/span><\/p>\n<p>Organizer: Artep Gallery Association<\/p>\n<p>Cultural project co-financed by: National Cultural Fund Administration (AFCN)<\/p>\n<p><i>The project does not necessarily represent the position of the National Cultural Fund Administration. AFCN is not responsible for the content of the project or how the works may be used. These are entirely the responsibility of the beneficiary of the funding.<\/i><\/p>","protected":false},"excerpt":{"rendered":"<p>Asocia\u021bia Galeria Artep lanseaz\u0103 \u00een 2023 dou\u0103 reziden\u021be artistice dedicate curatoriatului \u0219i provoc\u0103rilor cu care se confrunt\u0103 tinerii care activeaz\u0103 \u00een domeniul artelor vizuale \u0219i care vor s\u0103 aprofundeze aceast\u0103 tem\u0103. Le avem al\u0103turi de noi pe curatoarele Larisa Oancea (Vene\u021bia) \u0219i Berit Fischer (Berlin), invitate \u00een reziden\u021b\u0103 artistic\u0103 la Ia\u0219i, ca s\u0103 lucreze cu [&hellip;]<\/p>\n","protected":false},"author":1,"featured_media":6047,"comment_status":"open","ping_status":"closed","sticky":false,"template":"","format":"standard","meta":{"_acf_changed":false,"footnotes":""},"categories":[25],"tags":[],"class_list":["post-6045","post","type-post","status-publish","format-standard","has-post-thumbnail","hentry","category-proiecte"],"acf":[],"_links":{"self":[{"href":"https:\/\/www.artep.ro\/en\/wp-json\/wp\/v2\/posts\/6045","targetHints":{"allow":["GET"]}}],"collection":[{"href":"https:\/\/www.artep.ro\/en\/wp-json\/wp\/v2\/posts"}],"about":[{"href":"https:\/\/www.artep.ro\/en\/wp-json\/wp\/v2\/types\/post"}],"author":[{"embeddable":true,"href":"https:\/\/www.artep.ro\/en\/wp-json\/wp\/v2\/users\/1"}],"replies":[{"embeddable":true,"href":"https:\/\/www.artep.ro\/en\/wp-json\/wp\/v2\/comments?post=6045"}],"version-history":[{"count":3,"href":"https:\/\/www.artep.ro\/en\/wp-json\/wp\/v2\/posts\/6045\/revisions"}],"predecessor-version":[{"id":6828,"href":"https:\/\/www.artep.ro\/en\/wp-json\/wp\/v2\/posts\/6045\/revisions\/6828"}],"wp:featuredmedia":[{"embeddable":true,"href":"https:\/\/www.artep.ro\/en\/wp-json\/wp\/v2\/media\/6047"}],"wp:attachment":[{"href":"https:\/\/www.artep.ro\/en\/wp-json\/wp\/v2\/media?parent=6045"}],"wp:term":[{"taxonomy":"category","embeddable":true,"href":"https:\/\/www.artep.ro\/en\/wp-json\/wp\/v2\/categories?post=6045"},{"taxonomy":"post_tag","embeddable":true,"href":"https:\/\/www.artep.ro\/en\/wp-json\/wp\/v2\/tags?post=6045"}],"curies":[{"name":"wp","href":"https:\/\/api.w.org\/{rel}","templated":true}]}}