{"id":6294,"date":"2023-05-19T07:31:55","date_gmt":"2023-05-19T07:31:55","guid":{"rendered":"https:\/\/www.artep.ro\/?p=6294"},"modified":"2023-11-30T11:44:23","modified_gmt":"2023-11-30T11:44:23","slug":"art-gen-23-apel-de-proiecte-absolventi","status":"publish","type":"post","link":"https:\/\/www.artep.ro\/en\/art-gen-23-apel-de-proiecte-absolventi\/","title":{"rendered":"Art Gen&#8217; 23"},"content":{"rendered":"<p class=\"p1\">\u00cen art\u0103, ca oriunde altundeva, experien\u021ba este esen\u021bial\u0103. Dar cum poate un artist t\u00e2n\u0103r s\u0103 aib\u0103 o experien\u021b\u0103 conving\u0103toare pentru o galerie sau un public colec\u021bionar imediat dup\u0103 absolvirea artelor? \u0218i cum s\u0103 ai experien\u021b\u0103 \u00een acest domeniu at\u00e2t de volatil, dac\u0103 doar cei cu experien\u021b\u0103 au o \u0219ans\u0103. A\u0219a<span class=\"Apple-converted-space\">\u00a0 <\/span>sf\u00e2r\u0219im prin a vedea c\u0103 absolven\u021bii de arte devin arti\u0219ti \u00een alte \u021b\u0103ri europene&#8230; Ca s\u0103 nu ne mai \u00eenv\u00e2rtim \u00een cerc, am decis la Asocia\u021bia Galeria Artep s\u0103 ie\u0219im \u00een \u00eent\u00e2mplinarea arti\u0219tilor absolven\u021bi de arte vizuale din Ia\u0219i \u0219i s\u0103 le oferim, \u00een urma unui concurs public jurizat de o comisie de speciali\u0219ti, o galerie-ramp\u0103 de lansare, prin <b>proiectul Art Gen\u2019 23<\/b>.<\/p>\n<p class=\"p1\">Mul\u021bumim tuturor profesorilor care ne-au sus\u021binut cauza, studen\u021bilor (aproape 30) care \u0219i-au \u00eenchegat portofoliul \u00een termenul stabilit de noi, dar mai ales exper\u021bilor din prima comisie de selec\u021bie a programului Art Gen\u2019 23: Nicu Ilfoveanu (artist), Matei C\u00e2l\u021bia (curator), Daria Ghiu (jurnalist), C\u0103t\u0103lin Gheorghe (profesor) \u0219i Mihaela Irimescu (galerist). Ei l-au ales pe <b>ANDREI GAVRILI\u021aA, artist fotograf <\/b>absolvent al Facult\u0103\u021bii de Arte Vizuale \u0219i Design din cadrul Universit\u0103\u021bii de Art\u0103 \u201eGeorge Enescu\u201d din Ia\u0219i, care \u0219i-a finalizat \u00een iunie 2023 studiile de licen\u021b\u0103.<\/p>\n<p class=\"p1\">Vino \u00een perioada <b>7 decembrie 2023 \u2013 20 ianuarie 2024<\/b> pentru o alt\u0103 perspectiv\u0103 a risipirii, surprins\u0103 \u00een mod autentic de fotografiile, interven\u021biile video-art, scan\u0103rile \u0219i lucr\u0103rile post-fotografice din instala\u021bia de art\u0103 <b>WASTED<\/b>. Dar poate cea mai important\u0103 \u00een acest demers este emo\u021bia risipirii la 20 de ani. Inspirat de tema ecologic\u0103 a risipei de h\u00e2rtie \u00een era digital\u0103, ne afl\u0103m \u00een fa\u021ba unui eseu vizual care abordeaz\u0103 risipirea la nivel emo\u021bional, social, cultural, \u00eentr-o era a consumerismului excesiv la nivel simbolic, uman, nu doar obiectual.<\/p>\n<p class=\"p1\">\u201e\u00cen instala\u021bia multimedia RISIPIT, Andrei Gavrili\u021ba a explorat modul \u00een care interpretarea lui artistic\u0103 aduce noi \u00een\u021belesuri asupra materialelor publicitare. Lucr\u0103rile sale sunt comentarii critice asupra societ\u0103\u021bii de consum, a comportamentului compulsiv a indivizilor, a interven\u021biilor d\u0103un\u0103toare mediului, exprimate artistic din perspectiva observatorului obiectiv. Astfel, formatul pe care artistul \u00eel propune prin diferite tehnici specifice \u0219i prin prelucrarea digital\u0103 a materialelor comerciale, prin filmarea gestului performativ de distrugere a lor \u0219i prin invitarea publicului s\u0103 repete acela\u0219i gest, formeaz\u0103 un nou discurs care chestioneaz\u0103 risipa\u201d, detaliaz\u0103 curatoarea Cristiana Ursache.<\/p>\n<p class=\"p1\">RISIPIT are o tem\u0103 de interes ecologic, inspirat\u0103 eminamente de modul \u00een care t\u00e2n\u0103ra genera\u021bie se raporteaz\u0103 la practica des \u00eent\u00e2lnit\u0103 a tip\u0103ririi (inutile) a bro\u0219urilor publicitare \u00een epoca internetului. O tem\u0103 aleas\u0103 ca lucrare de licen\u021b\u0103 pentru o diplom\u0103 \u00een arte vizuale, convertit\u0103 \u00eentr-o metafor\u0103 vizual\u0103 declinat\u0103 printr-o multitudine de medii complementare, \u0219i profund marcat\u0103 de emo\u021bie. O emo\u021bie vizual\u0103 mai coerent\u0103 dec\u00e2t o tem\u0103 de licen\u021b\u0103 <i>magna cum laude<\/i>. De tr\u0103it \u00eencep\u00e2nd de <b>joi, 7 decembrie, ora 18:00, la Galeria Artep din Ia\u0219i<\/b>.<\/p>\n<p class=\"p1\">\u201e\u00cen arta mea nu caut s\u0103 abordez problematici sociale prea specifice. Privesc lumea \u00eentr-un mod democratic \u2013 haotic, dar armonios, a\u0219a cum ea poate fi g\u0103sit\u0103, nefiltrat\u0103, <i>raw<\/i>. \u00cen fotografiile mele, problemele coexist\u0103 cu frumosul \u0219i cu ur\u00e2tul \u0219i sunt deasupra oric\u0103rei categorisiri. Nu \u00eencerc s\u0103 critic \u00een mod direct sau s\u0103-mi exprim idei dure asupra problemelor care ne afecteaz\u0103. C\u00e2nd vine vorba de practica mea fotografic\u0103, sunt un observator antrenat cu un sim\u021b critic, dar cu inten\u021bie artistic\u0103 \u0219i de exprimare.\u201d, spune artistul Andrei Gavrili\u021ba despre temele care \u00eel preocup\u0103 \u00een explor\u0103rile sale artistice.<\/p>\n<p class=\"p1\"><b>Andrei Gavrili\u021ba<\/b> (n. 2001, R. Moldova) este un artist vizual, specializat \u00een fotografie. Practica sa artistic\u0103 este caracterizat\u0103 de proiecte care exploreaz\u0103 mediul fotografic din punct de vedere conceptual, dar \u0219i de serii de fotografie documentar\u0103 \u0219i direct\u0103. Andrei folose\u0219te mediul fotografic ca pe o unealt\u0103 \u00een explor\u0103rile sale artistice, \u00eencerc\u00e2nd s\u0103 \u00een\u021beleag\u0103 lumea \u0219i pe sine \u00eensu\u0219i. Proiectele sale conceptuale prezint\u0103 o perspectiv\u0103 experimental\u0103 \u0219i didactic\u0103 care chestioneaz\u0103 \u0219i \u00eempinge limitele fotografiei, \u00een timp ce lucr\u0103rile de fotografie direct\u0103 sunt o ancor\u0103 \u00een lumea fizic\u0103, explor\u0103ri ale intimit\u0103\u021bii, exprim\u0103ri ale sensibilit\u0103\u021bii artistului \u0219i a rela\u021biei sale cu contextul \u00een care se afl\u0103.<\/p>\n<p class=\"p1\"><b>Cristiana Ursache<\/b> (n. 1999) este curatoare la Galeria Artep din Ia\u0219i. A absolvit studiile de licen\u021b\u0103 \u0219i master la Universitatea de Arte \u201eGeorge Enescu\u201d Ia\u0219i, la Istoria \u0219i Teoria Artei \u0219i<span class=\"Apple-converted-space\">\u00a0 <\/span>Teorii \u0219i Practici \u00een Artele Vizuale. \u00cen prezent desf\u0103\u0219oar\u0103 o cercetare \u00een cadrul \u0219colii doctorale de la aceea\u0219i universitate, av\u00e2nd ca obiect de studiu practicile curatoriale din Rom\u00e2nia \u00een intervalul 2000-2023. \u00cen trecut a urmat cursuri la universit\u0103\u021bi din Spania \u0219i Elve\u021bia, la Escuela de Arte de Sevilla prin programul de Burse de Studii Erasmus+ \u0219i la Zurich University of the Arts, aprofund\u00e2nd cursul The Emancipated Audience \u2013 Experiential Curatorial Knowledge Production. A curatoriat expozi\u021bii \u00een \u021bar\u0103 \u0219i \u00een str\u0103in\u0103tate ale unor arti\u0219ti precum: \u0218tefan C\u00e2l\u021bia, Sorin Ilfoveanu, Claudiu Ciobanu \u0219i Miruna Radovici. \u00cen vara anului 2022 a avut rolul de mediator cultural la Pavilionul Rom\u00e2niei din cadrul edi\u021biei 59 a Bienalei de la Vene\u021bia.<\/p>\n<p class=\"p1\"><b>Asocia\u021bia Galeria Artep<\/b> a fost \u00eenfiin\u021bat\u0103 \u00een decembrie 2019, din dorin\u021ba de \u00eembog\u0103\u021bire a demersurilor educative corelate artei contemporane \u00een peisajul cultural ie\u0219ean. Colaborarea cu<span class=\"Apple-converted-space\">\u00a0 <\/span>Galeria Artep a \u00eensemnat derularea a numeroase expozi\u021bii cu arti\u0219ti rom\u00e2ni \u0219i interna\u021bionali, curatoriate de: Alexandra Manole (Felix Aftene, \u201eMemoria Spa\u021biului\u201d, 2018, \u0218tefan C\u00e2l\u021bia, \u201eFragilitate\u201d, 2019, Virgil Scripcariu, \u201e\u00cent\u00e2lnire\u201d, 2019, Nicu Ilfoveanu, \u201ePanorama\u201d, 2021), Matei C\u00e2l\u021bia (Ghenadie Popescu \u0219i Mark Verlan, \u201eAproape totul sau mai nimic\u201d, 2020, \u201e\u0218tefan C\u00e2l\u021bia. Gl\u0103j\u0103rie. Apropierea de un me\u0219te\u0219ug\u201d, 2021, \u201e\u0218tefan C\u00e2l\u021bia. Obiectele restaur\u0103rii\u201d, 2022, Palatul Culturii), Cristian Nae (Matei Bejenaru, \u201ePRINT\u201d, 2021, Claudiu Ciobanu, \u201eSOLARIS\u201d, 2022, Radu Carnariu, \u201eUNDER CONSTRICTION\u201d, 2023), Cristiana Ursache (Miruna Radovici, \u201eCross the Lake in a Silver Plate\u201d, 2022, \u201e\u0218tefan C\u00e2l\u021bia. Pe Olt\u201d, 2022, \u0218ona, Sorin Ilfoveanu, LEVANT, 2022\/2023, Claudiu Ciobanu \u201eMemento Vivere\u201d, 2023, Viena).<\/p>\n<p>___________________________________________________________________________<\/p>\n<p>Andrei Gavrili\u021ba a finalizat cursurile de licen\u021b\u0103 \u00een iunie 2023 la Facultatea de Arte Vizuale \u0219i Design din cadrul Universit\u0103\u021bii de Art\u0103 \u201eGeorge Enescu\u201d din Ia\u0219i \u0219i va avea prima sa expozi\u021bie la Galeria Artep. Este, de asemenea, \u0219i primul artist vizual selectat \u00een cadrul apelului de proiecte Art Gen&#8217; 23. Felicit\u0103ri!<\/p>\n<p>Comisia format\u0103 din Nicu Ilfoveanu, Matei C\u00e2l\u021bia, Daria Ghiu, C\u0103t\u0103lin Gheorghe \u0219i Mihaela Irimescu a selectat proiectul propus de Andrei Gavrili\u021ba din 27 de ini\u021biative extrem de valoroase &#8211; v\u0103 mul\u021bumim!<\/p>\n<p>Dedic\u0103m urm\u0103toarele patru luni creion\u0103rii expozi\u021biei t\u00e2n\u0103rului artist Andrei Gavrili\u021ba \u0219i v\u0103 a\u0219tept\u0103m la finalul toamnei s\u0103 ne bucur\u0103m \u00eempreun\u0103 de \u00eent\u00e2lnirea cu el!<\/p>\n<p>Art Gen&#8217; 23 este o ini\u021biativ\u0103 a Galeriei Artep menit\u0103 s\u0103 sus\u021bin\u0103 lansarea arti\u0219tilor emergen\u021bi din Ia\u0219i.<\/p>\n<p>___________________________________________________________________________<\/p>\n<p>Dac\u0103 e\u0219ti la licen\u021b\u0103 \u00een anul III sau masterand \u00een anul II la Universitatea Na\u021bional\u0103 de Art\u0103 ,,George Enescu&#8221; Ia\u0219i, Facultatea de Arte Vizuale \u0219i Design, \u0219i \u00ee\u021bi preg\u0103te\u0219ti proiectul final, trimite-ni-l \u0219i nou\u0103 p\u00e2n\u0103 pe 1 iulie 2023. Vrem ca proiectul s\u0103 includ\u0103 schi\u021be, imagini, concept \u0219i detaliile tehnice legate de realizarea acestuia. Lu\u0103m \u00een considerare at\u00e2t lucr\u0103rile deja f\u0103cute c\u00e2t \u0219i cele care se afl\u0103 \u00een stadiul de schi\u021b\u0103\/concept.<\/p>\n<p>Noi te vom ajuta s\u0103 \u00ee\u021bi dezvol\u021bi proiectul, iar \u00een aceast\u0103 toamn\u0103, la Galeria Artep vei avea un solo show care va da startul \u00een traseul t\u0103u artistic. Vei avea parte \u00een permanen\u021b\u0103 de un dialog cu echipa Galeriei Artep, consultan\u021b\u0103 artistic\u0103 din partea unui curator \u0219i sprijin financiar \u00eentr-un buget prestabilit. \u00cenainte de a aplica, te \u00eencuraj\u0103m s\u0103 intri pe site-ul galeriei, artep.ro, pentru a afla mai multe informa\u021bii despre noi \u0219i proiectele Artep. Nu exist\u0103 restric\u021bii la nivelul conceptului, \u00eens\u0103 apreciem lucr\u0103rile care vorbesc coerent \u0219i bine argumentat.<\/p>\n<p>Call-ul Art Gen&#8217; 23 const\u0103 \u00eentr-un apel deschis absolven\u021bilor de licen\u021b\u0103 \u0219i master din genera\u021bia ce finalizeaz\u0103 studiile \u00een 2023. Juriul format dintr-un galerist, un artist, un curator, un jurnalist cultural \u0219i un membru al Galeriei Artep, va realiza selec\u021bia.<\/p>","protected":false},"excerpt":{"rendered":"<p>\u00cen art\u0103, ca oriunde altundeva, experien\u021ba este esen\u021bial\u0103. Dar cum poate un artist t\u00e2n\u0103r s\u0103 aib\u0103 o experien\u021b\u0103 conving\u0103toare pentru o galerie sau un public colec\u021bionar imediat dup\u0103 absolvirea artelor? \u0218i cum s\u0103 ai experien\u021b\u0103 \u00een acest domeniu at\u00e2t de volatil, dac\u0103 doar cei cu experien\u021b\u0103 au o \u0219ans\u0103. A\u0219a\u00a0 sf\u00e2r\u0219im prin a vedea c\u0103 [&hellip;]<\/p>\n","protected":false},"author":1,"featured_media":6295,"comment_status":"open","ping_status":"closed","sticky":false,"template":"","format":"standard","meta":{"_acf_changed":false,"footnotes":""},"categories":[25],"tags":[],"class_list":["post-6294","post","type-post","status-publish","format-standard","has-post-thumbnail","hentry","category-proiecte"],"acf":[],"_links":{"self":[{"href":"https:\/\/www.artep.ro\/en\/wp-json\/wp\/v2\/posts\/6294","targetHints":{"allow":["GET"]}}],"collection":[{"href":"https:\/\/www.artep.ro\/en\/wp-json\/wp\/v2\/posts"}],"about":[{"href":"https:\/\/www.artep.ro\/en\/wp-json\/wp\/v2\/types\/post"}],"author":[{"embeddable":true,"href":"https:\/\/www.artep.ro\/en\/wp-json\/wp\/v2\/users\/1"}],"replies":[{"embeddable":true,"href":"https:\/\/www.artep.ro\/en\/wp-json\/wp\/v2\/comments?post=6294"}],"version-history":[{"count":15,"href":"https:\/\/www.artep.ro\/en\/wp-json\/wp\/v2\/posts\/6294\/revisions"}],"predecessor-version":[{"id":6303,"href":"https:\/\/www.artep.ro\/en\/wp-json\/wp\/v2\/posts\/6294\/revisions\/6303"}],"wp:featuredmedia":[{"embeddable":true,"href":"https:\/\/www.artep.ro\/en\/wp-json\/wp\/v2\/media\/6295"}],"wp:attachment":[{"href":"https:\/\/www.artep.ro\/en\/wp-json\/wp\/v2\/media?parent=6294"}],"wp:term":[{"taxonomy":"category","embeddable":true,"href":"https:\/\/www.artep.ro\/en\/wp-json\/wp\/v2\/categories?post=6294"},{"taxonomy":"post_tag","embeddable":true,"href":"https:\/\/www.artep.ro\/en\/wp-json\/wp\/v2\/tags?post=6294"}],"curies":[{"name":"wp","href":"https:\/\/api.w.org\/{rel}","templated":true}]}}