{"id":9956,"date":"2025-03-10T13:38:50","date_gmt":"2025-03-10T13:38:50","guid":{"rendered":"https:\/\/www.artep.ro\/?p=9956"},"modified":"2025-03-10T15:18:46","modified_gmt":"2025-03-10T15:18:46","slug":"rezidenta-artistica-110-editia-2025-arta-si-ai-explorari-si-potriviri","status":"publish","type":"post","link":"https:\/\/www.artep.ro\/en\/rezidenta-artistica-110-editia-2025-arta-si-ai-explorari-si-potriviri\/","title":{"rendered":"Reziden\u021ba Artistic\u0103 110, edi\u021bia 2025: Arta \u0219i AI, explor\u0103ri \u0219i potriviri"},"content":{"rendered":"<div data-elementor-type=\"wp-post\" data-elementor-id=\"9956\" class=\"elementor elementor-9956\" data-elementor-post-type=\"post\">\n\t\t\t\t<div class=\"elementor-element elementor-element-012142c e-flex e-con-boxed e-con e-parent\" data-id=\"012142c\" data-element_type=\"container\" data-e-type=\"container\">\n\t\t\t\t\t<div class=\"e-con-inner\">\n\t\t<div class=\"elementor-element elementor-element-ebb1633 e-con-full e-flex e-con e-child\" data-id=\"ebb1633\" data-element_type=\"container\" data-e-type=\"container\">\n\t\t\t\t<div class=\"elementor-element elementor-element-71801da elementor-widget elementor-widget-text-editor\" data-id=\"71801da\" data-element_type=\"widget\" data-e-type=\"widget\" data-widget_type=\"text-editor.default\">\n\t\t\t\t<div class=\"elementor-widget-container\">\n\t\t\t\t\t\t\t\t\tReziden\u021ba Artistic\u0103 110<br> edi\u021bia 2025:\nArta \u0219i AI, explor\u0103ri \u0219i potriviri\t\t\t\t\t\t\t\t<\/div>\n\t\t\t\t<\/div>\n\t\t\t\t<\/div>\n\t\t\t\t\t<\/div>\n\t\t\t\t<\/div>\n\t\t<div class=\"elementor-element elementor-element-284d71c e-flex e-con-boxed e-con e-parent\" data-id=\"284d71c\" data-element_type=\"container\" data-e-type=\"container\">\n\t\t\t\t\t<div class=\"e-con-inner\">\n\t\t<div class=\"elementor-element elementor-element-c404bf1 e-con-full e-flex e-con e-child\" data-id=\"c404bf1\" data-element_type=\"container\" data-e-type=\"container\">\n\t\t\t\t<div class=\"elementor-element elementor-element-f8df243 elementor-widget elementor-widget-text-editor\" data-id=\"f8df243\" data-element_type=\"widget\" data-e-type=\"widget\" data-widget_type=\"text-editor.default\">\n\t\t\t\t<div class=\"elementor-widget-container\">\n\t\t\t\t\t\t\t\t\t<p>Edi\u021bia 2025 a proiectului <strong>Reziden\u021ba Artistic\u0103 110<\/strong>, dezvoltat de Asocia\u021bia Galeria Artep \u0219i co-finan\u021bat de Administra\u021bia Fondului Cultural Na\u021bional (AFCN) este dedicat\u0103 temei propuse de noua er\u0103 tehnologic\u0103 (AI, VR, AR) \u0219i intersec\u021bia cu arta contemporan\u0103 \u0219i etica artistic\u0103.<\/p>\t\t\t\t\t\t\t\t<\/div>\n\t\t\t\t<\/div>\n\t\t\t\t<div class=\"elementor-element elementor-element-f99ec4e elementor-widget elementor-widget-text-editor\" data-id=\"f99ec4e\" data-element_type=\"widget\" data-e-type=\"widget\" data-widget_type=\"text-editor.default\">\n\t\t\t\t<div class=\"elementor-widget-container\">\n\t\t\t\t\t\t\t\t\tProiectul are la baz\u0103 parteneriatul specific dintre institu\u021bia ie\u0219ean\u0103 Asocia\u021bia Galeria Artep \u0219i institu\u021bia berlinez\u0103 Haus der Kulturen der Welt (HKW), \u0219i este dedicat \u00een 2025 arti\u0219tilor preocupa\u021bi de impactul noilor tehnologii asupra omului \u0219i a artei, dar \u0219i tinerilor curatori preocupa\u021bi de acest domeniu, \u0219i expunerea acestora la contextul european de abordare a acestei problematici. \t\t\t\t\t\t\t\t<\/div>\n\t\t\t\t<\/div>\n\t\t\t\t<div class=\"elementor-element elementor-element-40ed7bf elementor-widget elementor-widget-text-editor\" data-id=\"40ed7bf\" data-element_type=\"widget\" data-e-type=\"widget\" data-widget_type=\"text-editor.default\">\n\t\t\t\t<div class=\"elementor-widget-container\">\n\t\t\t\t\t\t\t\t\tPrima component\u0103 este dedicat\u0103 organiz\u0103rii unui call na\u021bional, \u00een cadrul c\u0103ruia 5 arti\u0219ti rom\u00e2ni, interesa\u021bi de dezvoltarea de lucr\u0103ri pe aceast\u0103 tem\u0103, vor beneficia de un schimb de experien\u021b\u0103 de dou\u0103 s\u0103pt\u0103m\u00e2ni la Berlin, \u00een baza parteneriatului cu Haus der Kulturen der Welt (Casa Culturilor Lumii). Lucr\u0103rile vor fi expuse \u00eentr-o instala\u021bie colectiv\u0103, \u00een toamna acestui an (septembrie 2025).\t\t\t\t\t\t\t\t<\/div>\n\t\t\t\t<\/div>\n\t\t\t\t<div class=\"elementor-element elementor-element-0c688fc elementor-widget elementor-widget-text-editor\" data-id=\"0c688fc\" data-element_type=\"widget\" data-e-type=\"widget\" data-widget_type=\"text-editor.default\">\n\t\t\t\t<div class=\"elementor-widget-container\">\n\t\t\t\t\t\t\t\t\tA doua component\u0103 vizeaz\u0103 dezvoltarea de noi curatori profesioni\u0219ti \u00een r\u00e2ndul tinerilor care studiaz\u0103 artele vizuale la Ia\u0219i (dar nu numai) prin expunerea acestora la interac\u021biunea cu curatori interna\u021bionali, invita\u021bi s\u0103 sus\u021bin\u0103 workshopuri \u0219i prezent\u0103ri publice pe tema eticilor AI (curs \u0219i mentorat). Primul curs este sus\u021binut de organizatoarea festivalului \u201eAI: The Collective Brain\u201d dezvoltat de HKW \u00een Berlin, Sara Morais dos Santos Bruss, la Ia\u0219i, \u00een iunie 2025, iar pentru al doilea curs l-am invitat pe filosoful italian Emanuele ARIELLI care va sus\u021bine o prelegere la tem\u0103 \u00een toamna 2025.  \t\t\t\t\t\t\t\t<\/div>\n\t\t\t\t<\/div>\n\t\t\t\t<div class=\"elementor-element elementor-element-8d3331e elementor-widget elementor-widget-text-editor\" data-id=\"8d3331e\" data-element_type=\"widget\" data-e-type=\"widget\" data-widget_type=\"text-editor.default\">\n\t\t\t\t<div class=\"elementor-widget-container\">\n\t\t\t\t\t\t\t\t\t<p>INVIT\u0102M ARTI\u0218TII ROM\u00c2NI (din \u021bar\u0103 sau din diaspor\u0103) preocupa\u021bi \u00een practica lor de noua er\u0103 tehnologic\u0103, intersec\u021bia cu arta contemporan\u0103 \u0219i etica artistic\u0103 s\u0103 se \u00eenscrie p\u00e2n\u0103 pe 6 aprilie 2025 la acest apel de proiecte artistice, acces\u00e2nd urm\u0103torul <a href=\"https:\/\/docs.google.com\/forms\/d\/e\/1FAIpQLSd7AlkLTdQoabyIigmlidJBCzeXOIuozq3C2Fv8tq2oDGsCkA\/viewform\">FORM<\/a>.<\/p>\t\t\t\t\t\t\t\t<\/div>\n\t\t\t\t<\/div>\n\t\t\t\t<div class=\"elementor-element elementor-element-18b81b1 elementor-widget elementor-widget-text-editor\" data-id=\"18b81b1\" data-element_type=\"widget\" data-e-type=\"widget\" data-widget_type=\"text-editor.default\">\n\t\t\t\t<div class=\"elementor-widget-container\">\n\t\t\t\t\t\t\t\t\t<p>Cei 5 arti\u0219ti selecta\u021bi de un juriu interna\u021bional vor beneficia de o mobilitate artistic\u0103 cu o durat\u0103 de maximum 14 zile la Berlin, exclusiv \u00een perioada mai-iulie 2025, iar Asocia\u021bia Galeria Artep va acoperi cheltuieli de deplasare, cazare \u0219i un fee artistic (buget estimativ de 2500 euro\/persoan\u0103). Programul mobilit\u0103\u021bii artistice va fi stabilit \u00eempreun\u0103 cu institu\u021bia berlinez\u0103 HKW. Toate detaliile exacte ale prezentului call de proiecte artistice sunt <strong><span style=\"color: #ff0000;\"><a style=\"color: #ff0000;\" href=\"https:\/\/www.artep.ro\/en\/rezidenta-artistica-110-open-call-5-rezidente-artistice-la-berlin\/\">AICI<\/a><\/span><\/strong>.<\/p>\t\t\t\t\t\t\t\t<\/div>\n\t\t\t\t<\/div>\n\t\t\t\t<div class=\"elementor-element elementor-element-8927bb7 elementor-widget elementor-widget-text-editor\" data-id=\"8927bb7\" data-element_type=\"widget\" data-e-type=\"widget\" data-widget_type=\"text-editor.default\">\n\t\t\t\t<div class=\"elementor-widget-container\">\n\t\t\t\t\t\t\t\t\tCa urmare a derul\u0103rii mobilit\u0103\u021bii artistice la Berlin \u00een cadrul edi\u021biei 2025 a Reziden\u021bei Artistice 110, minimum o lucrare dezvoltat\u0103 \u00een cadrul acestui demers de fiecare dintre cei 5 arti\u0219ti va fi inclus\u0103 \u00eentr-o expozi\u021bie colectiv\u0103, organizat\u0103 de Asocia\u021bia Galeria Artep \u00een septembrie 2025 la \u0218ona.\t\t\t\t\t\t\t\t<\/div>\n\t\t\t\t<\/div>\n\t\t\t\t<div class=\"elementor-element elementor-element-e35675e elementor-widget elementor-widget-text-editor\" data-id=\"e35675e\" data-element_type=\"widget\" data-e-type=\"widget\" data-widget_type=\"text-editor.default\">\n\t\t\t\t<div class=\"elementor-widget-container\">\n\t\t\t\t\t\t\t\t\tReziden\u021ba Artistic\u0103 110 va beneficia de un spa\u021biu fizic dedicat reziden\u021belor pe domenii complementare artei vizuale din 2026 la \u0218ona (F\u0103g\u0103ra\u0219, Bra\u0219ov). Programul RA110 a \u00eenceput \u00een 2023, cu o edi\u021bie dedicat\u0103 dezvolt\u0103rii curatoriatului la nivelul Ia\u0219iului, prilej cu care Larisa Oancea (Italia) \u0219i Berit Fischer (Germania) au sus\u021binut ateliere de dezvoltare pentru 30 de participan\u021bi, completate de sesiuni de mentorat sus\u021binute de coordonatoarele atelierelor, Cristina Moraru, Oana Nae, C\u0103t\u0103lin Gheorghe. Edi\u021bia 2024 a RA110 s-a axat pe schimbul de experien\u021b\u0103 dezvoltat pe tema politicilor corpului \u00een cadrul parteneriatului  Artep-HKW, \u00een baza c\u0103ruia arti\u0219tii Claudiu Ciobanu, Andrei Gavrili\u021ba \u0219i curatorii Daniel Neugebauer \u0219i Cristiana Ursache au explorat universul artistic din Berlin \u0219i Ia\u0219i. RA110 edi\u021bia 2025 este dedicat\u0103 temei AI \u0219i arti\u0219tilor rom\u00e2ni preocupa\u021bi de acest domeniu. \t\t\t\t\t\t\t\t<\/div>\n\t\t\t\t<\/div>\n\t\t\t\t<div class=\"elementor-element elementor-element-79b1b1b elementor-widget elementor-widget-text-editor\" data-id=\"79b1b1b\" data-element_type=\"widget\" data-e-type=\"widget\" data-widget_type=\"text-editor.default\">\n\t\t\t\t<div class=\"elementor-widget-container\">\n\t\t\t\t\t\t\t\t\tOrganizer: Artep Gallery Association<br>\nPartener principal: Haus der Kulturen der Welt<br>\nParteneri: Universitatea Na\u021bional\u0103 de Arte \u201eGeorge Enescu\u201d din Ia\u0219i, Institutul de Cercetare Multidisciplinar\u0103 \u00een Art\u0103, PROPAGARTA, Empower Artists, Modernism, PIN Magazine, Destination Ia\u0219i<br>\nCultural project co-financed by: National Cultural Fund Administration (AFCN)\t\t\t\t\t\t\t\t<\/div>\n\t\t\t\t<\/div>\n\t\t\t\t<div class=\"elementor-element elementor-element-cc1a625 elementor-widget elementor-widget-text-editor\" data-id=\"cc1a625\" data-element_type=\"widget\" data-e-type=\"widget\" data-widget_type=\"text-editor.default\">\n\t\t\t\t<div class=\"elementor-widget-container\">\n\t\t\t\t\t\t\t\t\tThe project does not necessarily represent the position of the National Cultural Fund Administration. AFCN is not responsible for the content of the project or how the works may be used. These are entirely the responsibility of the beneficiary of the funding.\t\t\t\t\t\t\t\t<\/div>\n\t\t\t\t<\/div>\n\t\t\t\t<div class=\"elementor-element elementor-element-1b18b57 elementor-widget elementor-widget-text-editor\" data-id=\"1b18b57\" data-element_type=\"widget\" data-e-type=\"widget\" data-widget_type=\"text-editor.default\">\n\t\t\t\t<div class=\"elementor-widget-container\">\n\t\t\t\t\t\t\t\t\t<a href=\"https:\/\/www.facebook.com\/profile.php?id=61558310420726\">FB page<\/a>\t\t\t\t\t\t\t\t<\/div>\n\t\t\t\t<\/div>\n\t\t\t\t<\/div>\n\t\t<div class=\"elementor-element elementor-element-6057d74 e-con-full e-flex e-con e-child\" data-id=\"6057d74\" data-element_type=\"container\" data-e-type=\"container\">\n\t\t\t\t<div class=\"elementor-element elementor-element-0876f98 elementor-widget elementor-widget-image\" data-id=\"0876f98\" data-element_type=\"widget\" data-e-type=\"widget\" data-widget_type=\"image.default\">\n\t\t\t\t<div class=\"elementor-widget-container\">\n\t\t\t\t\t\t\t\t\t\t\t\t\t\t\t<img fetchpriority=\"high\" decoding=\"async\" width=\"724\" height=\"1024\" src=\"https:\/\/www.artep.ro\/wp-content\/uploads\/2025\/03\/RA110-AfisWeb-724x1024.jpg\" class=\"attachment-large size-large wp-image-9983\" alt=\"\" srcset=\"https:\/\/www.artep.ro\/wp-content\/uploads\/2025\/03\/RA110-AfisWeb-724x1024.jpg 724w, https:\/\/www.artep.ro\/wp-content\/uploads\/2025\/03\/RA110-AfisWeb-212x300.jpg 212w, https:\/\/www.artep.ro\/wp-content\/uploads\/2025\/03\/RA110-AfisWeb-768x1086.jpg 768w, https:\/\/www.artep.ro\/wp-content\/uploads\/2025\/03\/RA110-AfisWeb-1086x1536.jpg 1086w, https:\/\/www.artep.ro\/wp-content\/uploads\/2025\/03\/RA110-AfisWeb-1448x2048.jpg 1448w, https:\/\/www.artep.ro\/wp-content\/uploads\/2025\/03\/RA110-AfisWeb-8x12.jpg 8w, https:\/\/www.artep.ro\/wp-content\/uploads\/2025\/03\/RA110-AfisWeb-600x848.jpg 600w, https:\/\/www.artep.ro\/wp-content\/uploads\/2025\/03\/RA110-AfisWeb-scaled.jpg 1811w\" sizes=\"(max-width: 724px) 100vw, 724px\" \/>\t\t\t\t\t\t\t\t\t\t\t\t\t\t\t<\/div>\n\t\t\t\t<\/div>\n\t\t\t\t<\/div>\n\t\t\t\t\t<\/div>\n\t\t\t\t<\/div>\n\t\t\t\t<\/div>","protected":false},"excerpt":{"rendered":"<p>Reziden\u021ba Artistic\u0103 110 edi\u021bia 2025: Arta \u0219i AI, explor\u0103ri \u0219i potriviri Edi\u021bia 2025 a proiectului Reziden\u021ba Artistic\u0103 110, dezvoltat de Asocia\u021bia Galeria Artep \u0219i co-finan\u021bat de Administra\u021bia Fondului Cultural Na\u021bional (AFCN) este dedicat\u0103 temei propuse de noua er\u0103 tehnologic\u0103 (AI, VR, AR) \u0219i intersec\u021bia cu arta contemporan\u0103 \u0219i etica artistic\u0103. Proiectul are la baz\u0103 parteneriatul [&hellip;]<\/p>\n","protected":false},"author":1,"featured_media":0,"comment_status":"closed","ping_status":"closed","sticky":false,"template":"elementor_header_footer","format":"standard","meta":{"_acf_changed":false,"footnotes":""},"categories":[25],"tags":[],"class_list":["post-9956","post","type-post","status-publish","format-standard","hentry","category-proiecte"],"acf":[],"_links":{"self":[{"href":"https:\/\/www.artep.ro\/en\/wp-json\/wp\/v2\/posts\/9956","targetHints":{"allow":["GET"]}}],"collection":[{"href":"https:\/\/www.artep.ro\/en\/wp-json\/wp\/v2\/posts"}],"about":[{"href":"https:\/\/www.artep.ro\/en\/wp-json\/wp\/v2\/types\/post"}],"author":[{"embeddable":true,"href":"https:\/\/www.artep.ro\/en\/wp-json\/wp\/v2\/users\/1"}],"replies":[{"embeddable":true,"href":"https:\/\/www.artep.ro\/en\/wp-json\/wp\/v2\/comments?post=9956"}],"version-history":[{"count":40,"href":"https:\/\/www.artep.ro\/en\/wp-json\/wp\/v2\/posts\/9956\/revisions"}],"predecessor-version":[{"id":10010,"href":"https:\/\/www.artep.ro\/en\/wp-json\/wp\/v2\/posts\/9956\/revisions\/10010"}],"wp:attachment":[{"href":"https:\/\/www.artep.ro\/en\/wp-json\/wp\/v2\/media?parent=9956"}],"wp:term":[{"taxonomy":"category","embeddable":true,"href":"https:\/\/www.artep.ro\/en\/wp-json\/wp\/v2\/categories?post=9956"},{"taxonomy":"post_tag","embeddable":true,"href":"https:\/\/www.artep.ro\/en\/wp-json\/wp\/v2\/tags?post=9956"}],"curies":[{"name":"wp","href":"https:\/\/api.w.org\/{rel}","templated":true}]}}